{"id":17332,"date":"2026-04-27T21:39:40","date_gmt":"2026-04-28T00:39:40","guid":{"rendered":"https:\/\/portaldecampomaior.com.br\/noticias\/?p=17332"},"modified":"2026-04-27T21:39:41","modified_gmt":"2026-04-28T00:39:41","slug":"detalhes-seguranca-e-preso-no-centro-comercial-de-campo-maior-acusado-de-estuprar-crianca-de-11-anos","status":"publish","type":"post","link":"https:\/\/portaldecampomaior.com.br\/noticias\/2026\/04\/27\/detalhes-seguranca-e-preso-no-centro-comercial-de-campo-maior-acusado-de-estuprar-crianca-de-11-anos\/","title":{"rendered":"DETALHES: Seguran\u00e7a \u00e9 preso no centro comercial de Campo Maior acusado de estuprar crian\u00e7a de 11 anos"},"content":{"rendered":"<div id=\"porta-2004654280\" class=\"porta-antes-do-conteudo porta-entity-placement\"><img src=\"https:\/\/portaldecampomaior.com.br\/noticias\/wp-content\/uploads\/2024\/11\/paraibaon.jpg\" alt=\"\"  srcset=\"https:\/\/portaldecampomaior.com.br\/noticias\/wp-content\/uploads\/2024\/11\/paraibaon.jpg 785w, https:\/\/portaldecampomaior.com.br\/noticias\/wp-content\/uploads\/2024\/11\/paraibaon-300x76.jpg 300w, https:\/\/portaldecampomaior.com.br\/noticias\/wp-content\/uploads\/2024\/11\/paraibaon-150x38.jpg 150w, https:\/\/portaldecampomaior.com.br\/noticias\/wp-content\/uploads\/2024\/11\/paraibaon-768x196.jpg 768w\" sizes=\"(max-width: 785px) 100vw, 785px\" width=\"700\" height=\"230\"  style=\"display: inline-block;\" \/><\/div>\n<p class=\"has-black-color has-text-color has-link-color has-medium-font-size wp-elements-4d2dd43ff1ae3f8130d8a5570e96beb4\">A Pol\u00edcia Civil, por meio da Delegacia Especializada no Atendimento \u00e0 Mulher e grupos Vulner\u00e1veis de Campo Maior, prendeu, na tarde dessa segunda-feira, 27.04, um seguran\u00e7a identificado como Marcelo Souza. Ele responde pelo crime de estupro que teria praticado contra uma menina de 11 anos.<\/p>\n\n\n\n<p class=\"has-black-color has-text-color has-link-color has-medium-font-size wp-elements-3c1a80db7e876472e1bd37ccb8276697\"><strong>A pris\u00e3o<\/strong><br>O seguran\u00e7a foi preso no in\u00edcio da tarde, em seu local de trabalho no centro de comercial de Campo Maior. Ele n\u00e3o resistiu \u00e0 pris\u00e3o.<\/p>\n\n\n\n<p class=\"has-black-color has-text-color has-link-color has-medium-font-size wp-elements-e864f2b1f8458b4124f4f773b308ed1f\"><strong>O que diz a delegada <\/strong><br>De acordo com a delegada da Mulher e dos Grupos Vulner\u00e1veis, Emylle Kaynar, a investiga\u00e7\u00e3o contra Marcelo teve in\u00edcio a partir de uma den\u00fancia de parentes feita no dia 28 de fevereiro desse ano, ocasi\u00e3o em que o suspeito teria praticado atos sexuais contra a v\u00edtima.<\/p>\n\n\n\n<p class=\"has-black-color has-text-color has-link-color has-medium-font-size wp-elements-a72d1d80a39a1a6a130ab9a8617c2f95\"><strong>Exames<\/strong><br>A delegada disse que foram feitos exames que constataram a viol\u00eancia sexual contra a menina. Ela disse que, diante dos elementos colhidos no curso do inqu\u00e9rito policial, foi feito pedido de pris\u00e3o preventiva do investigado, sendo aceito pelo Poder Judici\u00e1rio.<\/p>\n\n\n\n<p class=\"has-black-color has-text-color has-link-color has-medium-font-size wp-elements-9172acba92a8c45d9e912f9d80e6c34b\">Marcelo foi ouvido pela delegada e agora encontra-se \u00e0 disposi\u00e7\u00e3o da Justi\u00e7a.<\/p>\n<div id=\"porta-2685996683\" class=\"porta-depois-do-conteudo porta-entity-placement\"><img src=\"https:\/\/portaldecampomaior.com.br\/noticias\/wp-content\/uploads\/2024\/02\/clinicasaofranhori1-1.jpg\" alt=\"\"  srcset=\"https:\/\/portaldecampomaior.com.br\/noticias\/wp-content\/uploads\/2024\/02\/clinicasaofranhori1-1.jpg 912w, https:\/\/portaldecampomaior.com.br\/noticias\/wp-content\/uploads\/2024\/02\/clinicasaofranhori1-1-300x54.jpg 300w, https:\/\/portaldecampomaior.com.br\/noticias\/wp-content\/uploads\/2024\/02\/clinicasaofranhori1-1-768x137.jpg 768w\" sizes=\"(max-width: 912px) 100vw, 912px\" width=\"700\" height=\"230\"  style=\"display: inline-block;\" \/><\/div>","protected":false},"excerpt":{"rendered":"<p>A Pol\u00edcia Civil, por meio da Delegacia Especializada no Atendimento \u00e0 Mulher e grupos Vulner\u00e1veis de Campo Maior, prendeu, na tarde dessa segunda-feira, 27.04, um seguran\u00e7a identificado como Marcelo Souza. Ele responde pelo crime de estupro que teria praticado contra uma menina de 11 anos. A pris\u00e3oO seguran\u00e7a foi preso no in\u00edcio da tarde, em [&hellip;]<\/p>\n","protected":false},"author":2,"featured_media":17333,"comment_status":"closed","ping_status":"open","sticky":false,"template":"","format":"standard","meta":{"footnotes":""},"categories":[5,4],"tags":[],"class_list":["post-17332","post","type-post","status-publish","format-standard","has-post-thumbnail","hentry","category-destaque","category-policial"],"_links":{"self":[{"href":"https:\/\/portaldecampomaior.com.br\/noticias\/wp-json\/wp\/v2\/posts\/17332","targetHints":{"allow":["GET"]}}],"collection":[{"href":"https:\/\/portaldecampomaior.com.br\/noticias\/wp-json\/wp\/v2\/posts"}],"about":[{"href":"https:\/\/portaldecampomaior.com.br\/noticias\/wp-json\/wp\/v2\/types\/post"}],"author":[{"embeddable":true,"href":"https:\/\/portaldecampomaior.com.br\/noticias\/wp-json\/wp\/v2\/users\/2"}],"replies":[{"embeddable":true,"href":"https:\/\/portaldecampomaior.com.br\/noticias\/wp-json\/wp\/v2\/comments?post=17332"}],"version-history":[{"count":1,"href":"https:\/\/portaldecampomaior.com.br\/noticias\/wp-json\/wp\/v2\/posts\/17332\/revisions"}],"predecessor-version":[{"id":17334,"href":"https:\/\/portaldecampomaior.com.br\/noticias\/wp-json\/wp\/v2\/posts\/17332\/revisions\/17334"}],"wp:featuredmedia":[{"embeddable":true,"href":"https:\/\/portaldecampomaior.com.br\/noticias\/wp-json\/wp\/v2\/media\/17333"}],"wp:attachment":[{"href":"https:\/\/portaldecampomaior.com.br\/noticias\/wp-json\/wp\/v2\/media?parent=17332"}],"wp:term":[{"taxonomy":"category","embeddable":true,"href":"https:\/\/portaldecampomaior.com.br\/noticias\/wp-json\/wp\/v2\/categories?post=17332"},{"taxonomy":"post_tag","embeddable":true,"href":"https:\/\/portaldecampomaior.com.br\/noticias\/wp-json\/wp\/v2\/tags?post=17332"}],"curies":[{"name":"wp","href":"https:\/\/api.w.org\/{rel}","templated":true}]}}